{"id":1042,"date":"2017-04-16T17:54:24","date_gmt":"2017-04-16T13:54:24","guid":{"rendered":"http:\/\/annierun.net\/blog\/?p=1042"},"modified":"2025-10-17T18:50:45","modified_gmt":"2025-10-17T14:50:45","slug":"le-coquillage-mystere","status":"publish","type":"post","link":"https:\/\/annierun.net\/blog\/2017\/04\/le-coquillage-mystere\/","title":{"rendered":"Le Coquillage Myst\u00e8re"},"content":{"rendered":"<p><!--:fr--><a href=\"https:\/\/i0.wp.com\/annierun.net\/blog\/wp-content\/uploads\/2017\/04\/IMG_7589-copie-e1492350191656.jpg\"><img data-recalc-dims=\"1\" loading=\"lazy\" decoding=\"async\" data-attachment-id=\"1049\" data-permalink=\"https:\/\/annierun.net\/blog\/2017\/04\/le-coquillage-mystere\/img_7589-copie\/#main\" data-orig-file=\"https:\/\/i0.wp.com\/annierun.net\/blog\/wp-content\/uploads\/2017\/04\/IMG_7589-copie-e1492350191656.jpg?fit=917%2C760&amp;ssl=1\" data-orig-size=\"917,760\" data-comments-opened=\"1\" data-image-meta=\"{&quot;aperture&quot;:&quot;5&quot;,&quot;credit&quot;:&quot;&quot;,&quot;camera&quot;:&quot;Canon EOS 550D&quot;,&quot;caption&quot;:&quot;&quot;,&quot;created_timestamp&quot;:&quot;1492324795&quot;,&quot;copyright&quot;:&quot;&quot;,&quot;focal_length&quot;:&quot;30&quot;,&quot;iso&quot;:&quot;100&quot;,&quot;shutter_speed&quot;:&quot;0.016666666666667&quot;,&quot;title&quot;:&quot;&quot;,&quot;orientation&quot;:&quot;1&quot;}\" data-image-title=\"Le coquillage Myst\u00e8re\" data-image-description=\"&lt;p&gt;Carton sur toile&lt;br \/&gt;\n46 x 38 cm&lt;br \/&gt;\nFond acrylique \u00e9tal\u00e9e \u00e0 la main&lt;br \/&gt;\nPuis motifs au couteau et \u00e0 l&amp;rsquo;huile&lt;\/p&gt;\n\" data-image-caption=\"&lt;p&gt;Coquillage Myst\u00e8re&lt;\/p&gt;\n\" data-large-file=\"https:\/\/i0.wp.com\/annierun.net\/blog\/wp-content\/uploads\/2017\/04\/IMG_7589-copie-e1492350191656.jpg?fit=640%2C497&amp;ssl=1\" class=\"aligncenter wp-image-1049 size-full\" src=\"https:\/\/i0.wp.com\/annierun.net\/blog\/wp-content\/uploads\/2017\/04\/IMG_7589-copie-e1492350191656.jpg?resize=640%2C530\" alt=\"\" width=\"640\" height=\"530\" srcset=\"https:\/\/i0.wp.com\/annierun.net\/blog\/wp-content\/uploads\/2017\/04\/IMG_7589-copie-e1492350191656.jpg?w=917&amp;ssl=1 917w, https:\/\/i0.wp.com\/annierun.net\/blog\/wp-content\/uploads\/2017\/04\/IMG_7589-copie-e1492350191656.jpg?resize=300%2C249&amp;ssl=1 300w, https:\/\/i0.wp.com\/annierun.net\/blog\/wp-content\/uploads\/2017\/04\/IMG_7589-copie-e1492350191656.jpg?resize=768%2C637&amp;ssl=1 768w\" sizes=\"auto, (max-width: 640px) 100vw, 640px\" \/><\/a><\/p>\n<p>Une premi\u00e8re toile est une aventure. En l\u2019occurrence il s&rsquo;agit d&rsquo;un carton toil\u00e9 que j&rsquo;ai ramen\u00e9 dans mes bagages lors de mon dernier voyage dans l&rsquo;Hexagone et qui prenait la poussi\u00e8re dans la maison familiale.<br \/>\nJe ne me sentais pas pr\u00eate pour me lancer dans un tableau classique. Le carton me convenait tout \u00e0 fait. Le fond a \u00e9t\u00e9 tr\u00e8s vite \u00e9tal\u00e9, et a fait l&rsquo;objet d&rsquo;un concours de titre sur ma page Facebook. Le c\u00f4t\u00e9 beurre d\u00e9goulinant a gagn\u00e9 les suffrages et ce travail \u00e0 peine commenc\u00e9 s&rsquo;est vu affubl\u00e9 du nom d&rsquo;<em>all\u00e9gorie lipidineuse.<\/em><\/p>\n<p>C&rsquo;est au cours d&rsquo;un atelier d&rsquo;une journ\u00e9e que le beurre s&rsquo;est transform\u00e9 en coquillage. Comment est-il apparu ? Myst\u00e8re ! J&rsquo;aurai d\u00fb prendre plus de photos interm\u00e9diaires. Toujours est-il, qu&rsquo;il \u00e9tait l\u00e0, encombrant, en plein milieu et que je ne savais pas quoi en faire. J&rsquo;ai chang\u00e9 sa texture plein de fois. J&rsquo;ai fait, d\u00e9fait, refait. C&rsquo;est une de mes sp\u00e9cialit\u00e9s. Et puis un jour je me suis fix\u00e9e. En trois s\u00e9ances, c&rsquo;\u00e9tait pli\u00e9. Le coquillage \u00e9tait termin\u00e9.<\/p>\n<p>Et que fait-il donc l\u00e0 dans ce paysage en feu ? Est-ce la Terre \u00e0 une autre \u00e9poque o\u00f9 quelques g\u00e9ants improbables auraient laiss\u00e9 leur carcasse s\u00e9cher au soleil ? Est-ce ailleurs ? O\u00f9 est pass\u00e9 l&rsquo;oc\u00e9an ? Finalement, celle toile m\u00e9riterait plut\u00f4t le nom de \u00ab\u00a0Coquillage Myst\u00e8re\u00a0\u00bb. Je le vois tr\u00e8s grand. Et vous ?<\/p>\n<h2>\u00c9volution de la toile &#8211; Album Facebook<\/h2>\n<p>https:\/\/www.facebook.com\/dumont.annie\/posts\/10155266023004228<!--:--><\/p>\n","protected":false},"excerpt":{"rendered":"<p>Une premi\u00e8re toile est une aventure. En l\u2019occurrence il s&rsquo;agit d&rsquo;un carton toil\u00e9 que j&rsquo;ai ramen\u00e9 dans mes bagages lors de mon dernier voyage dans l&rsquo;Hexagone et qui prenait la poussi\u00e8re dans la maison familiale. Je ne me sentais pas&hellip; <a href=\"https:\/\/annierun.net\/blog\/2017\/04\/le-coquillage-mystere\/\" class=\"more-link\">Continuer la lecture <span class=\"meta-nav\">&rarr;<\/span><\/a><\/p>\n","protected":false},"author":1,"featured_media":1049,"comment_status":"open","ping_status":"closed","sticky":false,"template":"","format":"standard","meta":{"jetpack_post_was_ever_published":false,"_jetpack_newsletter_access":"","_jetpack_dont_email_post_to_subs":false,"_jetpack_newsletter_tier_id":0,"_jetpack_memberships_contains_paywalled_content":false,"_jetpack_memberships_contains_paid_content":false,"footnotes":""},"categories":[39],"tags":[],"class_list":["post-1042","post","type-post","status-publish","format-standard","has-post-thumbnail","hentry","category-autres"],"jetpack_featured_media_url":"https:\/\/i0.wp.com\/annierun.net\/blog\/wp-content\/uploads\/2017\/04\/IMG_7589-copie-e1492350191656.jpg?fit=917%2C760&ssl=1","jetpack_sharing_enabled":true,"jetpack_shortlink":"https:\/\/wp.me\/p4u88f-gO","jetpack-related-posts":[{"id":222,"url":"https:\/\/annierun.net\/blog\/2014\/06\/chapitre-12-sur-dalygaran-premiere-partie\/","url_meta":{"origin":1042,"position":0},"title":"Chapitre 12 &#8211; Sur Dalygaran &#8211; Premi\u00e8re partie","author":"Annie","date":"17 juin 2014","format":false,"excerpt":"Depuis que je suis arriv\u00e9e sur Dalygaran, mes journ\u00e9es ont \u00e9t\u00e9 bien remplies. Mes matins sont consacr\u00e9s \u00e0 l\u2019exercice physique, sous la direction du Commandant. Mon corps est un nouveau mod\u00e8le dont les capacit\u00e9s doivent \u00eatre test\u00e9es m\u2019a-t-on dit. J\u2019ai quand m\u00eame la sensation que c\u2019est plut\u00f4t moi que l\u2019on\u2026","rel":"","context":"Dans &quot;I - Quand on y pense&quot;","block_context":{"text":"I - Quand on y pense","link":"https:\/\/annierun.net\/blog\/category\/fiction\/pense\/"},"img":{"alt_text":"","src":"https:\/\/i0.wp.com\/annierun.net\/blog\/wp-content\/uploads\/2015\/06\/pendule.jpg?fit=340%2C240&ssl=1&resize=350%2C200","width":350,"height":200},"classes":[]},{"id":1279,"url":"https:\/\/annierun.net\/blog\/2019\/06\/dans-la-peau-dune-toute-petite-tortue\/","url_meta":{"origin":1042,"position":1},"title":"Dans la peau d&rsquo;une toute petite tortue","author":"Annie","date":"4 juin 2019","format":false,"excerpt":"Dans le cadre d'un projet effectu\u00e9 pour l'obtention de mon certificat en m\u00e9diation scientifique, j'ai eu l'occasion de m\u00ealer mes deux passions : la biologie et les histoires. J'ai \u00e9crit quelques textes, dont celui-ci, sur les premiers instants d'une tortue marine, le voici : Nous sommes sur une \u00eele de\u2026","rel":"","context":"Dans &quot;C\u00f4t\u00e9 Fiction&quot;","block_context":{"text":"C\u00f4t\u00e9 Fiction","link":"https:\/\/annierun.net\/blog\/category\/fiction\/"},"img":{"alt_text":"tortue marine nageant","src":"https:\/\/i0.wp.com\/annierun.net\/blog\/wp-content\/uploads\/2019\/06\/tortueKelonia.jpg?fit=1200%2C900&ssl=1&resize=350%2C200","width":350,"height":200,"srcset":"https:\/\/i0.wp.com\/annierun.net\/blog\/wp-content\/uploads\/2019\/06\/tortueKelonia.jpg?fit=1200%2C900&ssl=1&resize=350%2C200 1x, https:\/\/i0.wp.com\/annierun.net\/blog\/wp-content\/uploads\/2019\/06\/tortueKelonia.jpg?fit=1200%2C900&ssl=1&resize=525%2C300 1.5x, https:\/\/i0.wp.com\/annierun.net\/blog\/wp-content\/uploads\/2019\/06\/tortueKelonia.jpg?fit=1200%2C900&ssl=1&resize=700%2C400 2x, https:\/\/i0.wp.com\/annierun.net\/blog\/wp-content\/uploads\/2019\/06\/tortueKelonia.jpg?fit=1200%2C900&ssl=1&resize=1050%2C600 3x"},"classes":[]},{"id":168,"url":"https:\/\/annierun.net\/blog\/2014\/05\/chapitre-8-deuxieme-voyage\/","url_meta":{"origin":1042,"position":2},"title":"Chapitre 8 &#8211; Deuxi\u00e8me voyage","author":"Annie","date":"20 mai 2014","format":false,"excerpt":"Au d\u00e9briefing du deuxi\u00e8me voyage \u00c9lisa : \u00a0Il y a quelque chose qui ne va pas ? Pourquoi vous me regardez comme \u00e7a ? Martin1 : Pardon ? \u00c9lisa : Vos t\u00eates \u00e0 tous les deux. Martin1 : Oh d\u00e9sol\u00e9. N'y faites pas attention, nous... Martin2 : ... avons eu\u2026","rel":"","context":"Dans &quot;I - Quand on y pense&quot;","block_context":{"text":"I - Quand on y pense","link":"https:\/\/annierun.net\/blog\/category\/fiction\/pense\/"},"img":{"alt_text":"","src":"https:\/\/i0.wp.com\/annierun.net\/blog\/wp-content\/uploads\/2015\/06\/orion.jpg?fit=340%2C240&ssl=1&resize=350%2C200","width":350,"height":200},"classes":[]},{"id":272,"url":"https:\/\/annierun.net\/blog\/2014\/07\/chapitre-15-retour-sur-terre\/","url_meta":{"origin":1042,"position":3},"title":"Chapitre 15 &#8211; Retour sur Terre","author":"Annie","date":"13 juillet 2014","format":false,"excerpt":"Le lendemain matin, je suis r\u00e9veill\u00e9e de bonne heure et je descends de ma chambre avec mes derniers dessins. J\u2019indique celui qui est \u00e0 donner \u00e0 l\u2019\u00e9cole. J\u2019offre ceux qui restent, dont mon auto-portrait \u00e0 mes h\u00f4tes qui sont ravis. Juste avant mon d\u00e9part, Fleur Parfum\u00e9e de la Plaine d\u2019Isadora\u2026","rel":"","context":"Dans &quot;I - Quand on y pense&quot;","block_context":{"text":"I - Quand on y pense","link":"https:\/\/annierun.net\/blog\/category\/fiction\/pense\/"},"img":{"alt_text":"","src":"https:\/\/i0.wp.com\/annierun.net\/blog\/wp-content\/uploads\/2015\/06\/levee_soleil.jpg?fit=340%2C240&ssl=1&resize=350%2C200","width":350,"height":200},"classes":[]},{"id":1942,"url":"https:\/\/annierun.net\/blog\/2026\/04\/reprendre-son-histoire-et-oser-la-metamorphose-accompagnee\/","url_meta":{"origin":1042,"position":4},"title":"Reprendre son histoire et oser la m\u00e9tamorphose accompagn\u00e9e","author":"Annie","date":"5 avril 2026","format":false,"excerpt":"Apr\u00e8s mon exp\u00e9rience d\u2019\u00e9criture collective d\u2019un polar audio avec 8000 Mondes, j\u2019ai \u00e9t\u00e9 tent\u00e9e de revenir \u00e0 quelque chose de plus personnel. Restait une question simple qui me perturbait\u00a0: devais-je \u00e9crire une nouvelle histoire, ou reprendre la premi\u00e8re, celle qui m\u2019avait occup\u00e9e pendant trois ans\u00a0? Je l\u2019avais \u00e9crite au fil\u2026","rel":"","context":"Dans &quot;C\u00f4t\u00e9 Fiction&quot;","block_context":{"text":"C\u00f4t\u00e9 Fiction","link":"https:\/\/annierun.net\/blog\/category\/fiction\/"},"img":{"alt_text":"","src":"https:\/\/i0.wp.com\/annierun.net\/blog\/wp-content\/uploads\/2026\/04\/Metamorphose-de-papier.png?fit=1200%2C800&ssl=1&resize=350%2C200","width":350,"height":200,"srcset":"https:\/\/i0.wp.com\/annierun.net\/blog\/wp-content\/uploads\/2026\/04\/Metamorphose-de-papier.png?fit=1200%2C800&ssl=1&resize=350%2C200 1x, https:\/\/i0.wp.com\/annierun.net\/blog\/wp-content\/uploads\/2026\/04\/Metamorphose-de-papier.png?fit=1200%2C800&ssl=1&resize=525%2C300 1.5x, https:\/\/i0.wp.com\/annierun.net\/blog\/wp-content\/uploads\/2026\/04\/Metamorphose-de-papier.png?fit=1200%2C800&ssl=1&resize=700%2C400 2x, https:\/\/i0.wp.com\/annierun.net\/blog\/wp-content\/uploads\/2026\/04\/Metamorphose-de-papier.png?fit=1200%2C800&ssl=1&resize=1050%2C600 3x"},"classes":[]},{"id":192,"url":"https:\/\/annierun.net\/blog\/2014\/05\/chapitre-9-le-passage\/","url_meta":{"origin":1042,"position":5},"title":"Chapitre 9 &#8211; Le passage","author":"Annie","date":"27 mai 2014","format":false,"excerpt":"Ce matin, c\u2019\u00e9tait mon troisi\u00e8me voyage. Les deux Martin m\u2019ont accueillie comme d\u2019habitude. Je suis all\u00e9e \u00e0 l\u2019unit\u00e9 de voyage, me suis allong\u00e9e dans la nacelle et j\u2019ai attendu le gaz. Je me suis retrouv\u00e9e dans un monde sous une lumi\u00e8re bleue. Comme si le jour n\u2019arrivait pas \u00e0 se\u2026","rel":"","context":"Dans &quot;I - Quand on y pense&quot;","block_context":{"text":"I - Quand on y pense","link":"https:\/\/annierun.net\/blog\/category\/fiction\/pense\/"},"img":{"alt_text":"","src":"https:\/\/i0.wp.com\/annierun.net\/blog\/wp-content\/uploads\/2015\/06\/vitesse_lumiere.jpg?fit=340%2C240&ssl=1&resize=350%2C200","width":350,"height":200},"classes":[]}],"jetpack_likes_enabled":true,"_links":{"self":[{"href":"https:\/\/annierun.net\/blog\/wp-json\/wp\/v2\/posts\/1042","targetHints":{"allow":["GET"]}}],"collection":[{"href":"https:\/\/annierun.net\/blog\/wp-json\/wp\/v2\/posts"}],"about":[{"href":"https:\/\/annierun.net\/blog\/wp-json\/wp\/v2\/types\/post"}],"author":[{"embeddable":true,"href":"https:\/\/annierun.net\/blog\/wp-json\/wp\/v2\/users\/1"}],"replies":[{"embeddable":true,"href":"https:\/\/annierun.net\/blog\/wp-json\/wp\/v2\/comments?post=1042"}],"version-history":[{"count":11,"href":"https:\/\/annierun.net\/blog\/wp-json\/wp\/v2\/posts\/1042\/revisions"}],"predecessor-version":[{"id":1542,"href":"https:\/\/annierun.net\/blog\/wp-json\/wp\/v2\/posts\/1042\/revisions\/1542"}],"wp:featuredmedia":[{"embeddable":true,"href":"https:\/\/annierun.net\/blog\/wp-json\/wp\/v2\/media\/1049"}],"wp:attachment":[{"href":"https:\/\/annierun.net\/blog\/wp-json\/wp\/v2\/media?parent=1042"}],"wp:term":[{"taxonomy":"category","embeddable":true,"href":"https:\/\/annierun.net\/blog\/wp-json\/wp\/v2\/categories?post=1042"},{"taxonomy":"post_tag","embeddable":true,"href":"https:\/\/annierun.net\/blog\/wp-json\/wp\/v2\/tags?post=1042"}],"curies":[{"name":"wp","href":"https:\/\/api.w.org\/{rel}","templated":true}]}}