{"id":1243,"date":"2019-01-04T09:41:21","date_gmt":"2019-01-04T05:41:21","guid":{"rendered":"http:\/\/annierun.net\/blog\/?p=1243"},"modified":"2025-10-17T18:44:26","modified_gmt":"2025-10-17T14:44:26","slug":"voir-avec-ses-oreilles","status":"publish","type":"post","link":"https:\/\/annierun.net\/blog\/2019\/01\/voir-avec-ses-oreilles\/","title":{"rendered":"Voir avec ses oreilles"},"content":{"rendered":"<p><!--:fr--><\/p>\n<h2>La curiosit\u00e9 n\u2019est pas un vilain d\u00e9faut<\/h2>\n<p>Tout est parti d<a href=\"https:\/\/www.youtube.com\/playlist?list=PLS5yJA4qrZBmUuGH_hio3gAY3tKLpcDsn\">\u2019une s\u00e9rie audio<\/a> \u00e0 laquelle j\u2019ai particip\u00e9 en tant qu\u2019auteure. On veut toujours savoir ce qu\u2019en pensent ceux qui \u00e9coutent, et un ami m\u2019a r\u00e9pondu : \u201cau d\u00e9part j\u2019ai \u00e9t\u00e9 g\u00ean\u00e9, je n\u2019arrivais pas \u00e0 voir avec les oreilles\u201d. Cette expression a fait sensation parmi l\u2019\u00e9quipage &#8211; c\u2019est ainsi que nous appelons tous ceux qui ont contribu\u00e9 d\u2019une mani\u00e8re ou d\u2019une autre \u00e0 la s\u00e9rie. Et du coup, \u00e7a m\u2019a trott\u00e9 dans la t\u00eate. Dans mon moteur de recherche pr\u00e9f\u00e9r\u00e9, allez savoir pourquoi, j\u2019ai tap\u00e9 \u201cvoir avec les oreilles\u201d et je n\u2019\u00e9tais pas au bout de mes surprises.<\/p>\n<p><a href=\"https:\/\/i0.wp.com\/annierun.net\/blog\/wp-content\/uploads\/2019\/01\/faces-2148341_1920.jpg?ssl=1\"><img data-recalc-dims=\"1\" loading=\"lazy\" decoding=\"async\" data-attachment-id=\"1246\" data-permalink=\"https:\/\/annierun.net\/blog\/2019\/01\/voir-avec-ses-oreilles\/faces-2148341_1920\/#main\" data-orig-file=\"https:\/\/i0.wp.com\/annierun.net\/blog\/wp-content\/uploads\/2019\/01\/faces-2148341_1920.jpg?fit=1920%2C781&amp;ssl=1\" data-orig-size=\"1920,781\" data-comments-opened=\"1\" data-image-meta=\"{&quot;aperture&quot;:&quot;0&quot;,&quot;credit&quot;:&quot;&quot;,&quot;camera&quot;:&quot;&quot;,&quot;caption&quot;:&quot;&quot;,&quot;created_timestamp&quot;:&quot;0&quot;,&quot;copyright&quot;:&quot;&quot;,&quot;focal_length&quot;:&quot;0&quot;,&quot;iso&quot;:&quot;0&quot;,&quot;shutter_speed&quot;:&quot;0&quot;,&quot;title&quot;:&quot;&quot;,&quot;orientation&quot;:&quot;0&quot;}\" data-image-title=\"faces-2148341_1920\" data-image-description=\"\" data-image-caption=\"\" data-large-file=\"https:\/\/i0.wp.com\/annierun.net\/blog\/wp-content\/uploads\/2019\/01\/faces-2148341_1920.jpg?fit=640%2C261&amp;ssl=1\" class=\"alignnone size-large wp-image-1246\" src=\"https:\/\/i0.wp.com\/annierun.net\/blog\/wp-content\/uploads\/2019\/01\/faces-2148341_1920.jpg?resize=640%2C261&#038;ssl=1\" alt=\"\" width=\"640\" height=\"261\" srcset=\"https:\/\/i0.wp.com\/annierun.net\/blog\/wp-content\/uploads\/2019\/01\/faces-2148341_1920.jpg?resize=1024%2C417&amp;ssl=1 1024w, https:\/\/i0.wp.com\/annierun.net\/blog\/wp-content\/uploads\/2019\/01\/faces-2148341_1920.jpg?resize=300%2C122&amp;ssl=1 300w, https:\/\/i0.wp.com\/annierun.net\/blog\/wp-content\/uploads\/2019\/01\/faces-2148341_1920.jpg?resize=768%2C312&amp;ssl=1 768w, https:\/\/i0.wp.com\/annierun.net\/blog\/wp-content\/uploads\/2019\/01\/faces-2148341_1920.jpg?w=1920&amp;ssl=1 1920w, https:\/\/i0.wp.com\/annierun.net\/blog\/wp-content\/uploads\/2019\/01\/faces-2148341_1920.jpg?w=1280&amp;ssl=1 1280w\" sizes=\"auto, (max-width: 640px) 100vw, 640px\" \/><\/a><\/p>\n<h2>Paysages sonores<\/h2>\n<p>Traduire une image en son, c\u2019est ce que propose, depuis 1992 Peter Meijer l\u2019inventeur de the vOICe, appareillage dont les capitales lues en Anglais donnent \u201cOh I see\u201d, pour \u201cOh, je vois\u201d. The vOICe se concr\u00e9tise aujourd\u2019hui, sous la forme d\u2019une paire de lunettes, qui scanne ce qu\u2019elle voit gr\u00e2ce \u00e0 une webcam et transforme le tout en en niveau de gris. La lecture se fait de gauche \u00e0 droite, et chaque pixel est traduit en son. La position verticale dans l\u2019image se mesure en grave et en aigu, la clart\u00e9 en intensit\u00e9, le tout en une seconde.<br \/>\nLe site <a href=\"https:\/\/www.seeingwithsound.com\">seeing with sound<\/a> propose <a href=\"https:\/\/www.seeingwithsound.com\/manual\/The_vOICe_Training_Manual.htm\">quelques exercices<\/a> pour comprendre le principe. Plus un point est haut, et plus la note est aigu\u00eb, plus il est blanc et plus le son est fort.<br \/>\nSelon ce principe et avec un peu d\u2019entrainement, des non-voyants qu\u2019ils le soient de naissance ou de mani\u00e8re plus tardive (accident, maladie) ont r\u00e9ussi \u00e0 percevoir leur environnement, leur permettant de saisir par exemple un verre sur une table, sans h\u00e9sitation.<br \/>\nJ\u2019ai fait les exercices. Je n\u2019ai pas tout vu, mais je me suis figur\u00e9e tr\u00e8s bien un cercle blanc par exemple. Si j\u2019en crois les t\u00e9moignages que j\u2019ai pu lire ici ou l\u00e0, les paysages sonores (soundscapes) produits par The vOICe ont redonn\u00e9 de l\u2019autonomie \u00e0 ceux qui ont su s\u2019en servir.<br \/>\nMais comment est-ce possible ?<\/p>\n<h2>De la plasticit\u00e9 du cerveau<\/h2>\n<p>Notre cerveau a ceci de remarquable : il reconfigure les connexions neuronales en fonction de nos exp\u00e9riences et de notre environnement. La situation d\u2019apprentissage, est un de ces moments o\u00f9 les circuits c\u00e9r\u00e9braux sont remani\u00e9s de mani\u00e8re significative.<br \/>\nEt ce qui se passe avec the vOICe est un apprentissage. On int\u00e8gre peu \u00e0 peu une convention, car ce n\u2019est que cela au d\u00e9part. D\u00e9but du son \u00e0 gauche, fin \u00e0 droite. Aigu en haut de l\u2019image, grave en bas. Son fort clair, son faible sombre. Il faut se concentrer au d\u00e9but, se figurer ce \u00e0 quoi \u00e7a correspond. L\u2019apprentissage est r\u00e9ussi, quand on n\u2019y pense plus, quand le cerveau a int\u00e9gr\u00e9 ces correspondances.<br \/>\nEn 2007, Amir Amedi, au travers d\u2019une courte communication dans Nature Neuroscience indique qu\u2019une r\u00e9gion particuli\u00e8re du cerveau est activ\u00e9e suite \u00e0 cet apprentissage : l\u2019aire Lotv (lateral occipital tactile-visual area), la m\u00eame que pour la vision des formes. \u201cVoir avec ses oreilles\u201d prend d\u00e8s lors un sens biologique.<br \/>\nQuelques ann\u00e9es plus tard en 2010, dans Consciousness and Cognition, Jamie Ward et Peter Meijer confirment le r\u00f4le important de cette r\u00e9gion en l\u2019inhibant temporairement : les personnes qui peuvent \u201cvoir avec les oreilles\u201d en deviennent incapables.<\/p>\n<h2>Suppl\u00e9ance perceptive<\/h2>\n<p>Comment d\u00e9crire ce ph\u00e9nom\u00e8ne finalement ? La litt\u00e9rature \u00e0 ce sujet utilise deux notions.<br \/>\nLes articles sont souvent accompagn\u00e9 du mot cl\u00e9 \u201csensory substitution\u201d pour substitution sensorielle, en cela qu\u2019un sens, la vue est remplac\u00e9 par un autre : l\u2019ou\u00efe. Dans un article de synth\u00e8se de Pour la Science en 2003 Malika Auvray et Kevin O\u2019Regan parlent quant \u00e0 eux de suppl\u00e9ance perceptive, car the vOICe est en soi un nouvel outil de perception du monde. D\u2019autres vont jusqu\u2019\u00e0 dire qu\u2019un nouveau sens est d\u00e9velopp\u00e9. Et c\u2019est \u00e0 ce moment pr\u00e9cis que l\u2019auteure que je suis se remet \u00e0 r\u00eaver : si on ajoutait \u00e0 ces paysages sonores des \u00e9motions sonores, n\u2019aurait-on pas le d\u00e9but d\u2019un langage ? Comme \u201cRond, lumineux, beau\u201d pour exprimer la satisfaction que le soleil peut procurer. Le tout dans un battement d\u2019une seconde, r\u00e9p\u00e9t\u00e9 encore et encore&#8230;<\/p>\n<h2>Un peu de lecture<\/h2>\n<h3>En Fran\u00e7ais<\/h3>\n<p><a href=\"http:\/\/nivea.psycho.univ-paris5.fr\/PourLaScience\/AuvrayORegan.pdf\">Pour la Science<\/a>, une synth\u00e8se de Malika Auvray et Peter Meijer sur les stimulations tactiles et auditives qui permettent aux aveugles de voir.<\/p>\n<p><a href=\"https:\/\/www.sciencesetavenir.fr\/sante\/voir-avec-ses-oreilles_23680\">Sciences et Avenir<\/a>, un article de Jer\u00e9my Zuber sur l&rsquo;exp\u00e9rience d&rsquo;Amir Amedi r\u00e9v\u00e9lant le r\u00f4le de l&rsquo;aire Lotv<\/p>\n<h3>En Anglais<\/h3>\n<p><a href=\"https:\/\/www.newscientist.com\/article\/mg20727731.500-sensory-hijack-rewiring-brains-to-see-with-sound\/?full=true\">New Scientist<\/a>, l&rsquo;histoire de Claire Cheskin et des m\u00e9canisme en jeu. S&rsquo;il y en a un \u00e0 lire, que ce soit celui-l\u00e0<\/p>\n<p><a href=\"https:\/\/www.wired.com\/2017\/03\/book-excerpt-body-builders\/\">Wired<\/a>, l&rsquo;histoire de Pat Fletcher, la femme qui voit avec ses oreilles.<!--:--><\/p>\n","protected":false},"excerpt":{"rendered":"<p>La curiosit\u00e9 n\u2019est pas un vilain d\u00e9faut Tout est parti d\u2019une s\u00e9rie audio \u00e0 laquelle j\u2019ai particip\u00e9 en tant qu\u2019auteure. On veut toujours savoir ce qu\u2019en pensent ceux qui \u00e9coutent, et un ami m\u2019a r\u00e9pondu : \u201cau d\u00e9part j\u2019ai \u00e9t\u00e9&hellip; <a href=\"https:\/\/annierun.net\/blog\/2019\/01\/voir-avec-ses-oreilles\/\" class=\"more-link\">Continuer la lecture <span class=\"meta-nav\">&rarr;<\/span><\/a><\/p>\n","protected":false},"author":1,"featured_media":1244,"comment_status":"open","ping_status":"closed","sticky":false,"template":"","format":"standard","meta":{"jetpack_post_was_ever_published":false,"_jetpack_newsletter_access":"","_jetpack_dont_email_post_to_subs":false,"_jetpack_newsletter_tier_id":0,"_jetpack_memberships_contains_paywalled_content":false,"_jetpack_memberships_contains_paid_content":false,"footnotes":""},"categories":[37],"tags":[51,50,52,53],"class_list":["post-1243","post","type-post","status-publish","format-standard","has-post-thumbnail","hentry","category-science","tag-cessite","tag-sens","tag-son","tag-soundscape"],"jetpack_featured_media_url":"https:\/\/i0.wp.com\/annierun.net\/blog\/wp-content\/uploads\/2019\/01\/audio-340.jpg?fit=1584%2C1119&ssl=1","jetpack_sharing_enabled":true,"jetpack_shortlink":"https:\/\/wp.me\/p4u88f-k3","jetpack-related-posts":[{"id":1279,"url":"https:\/\/annierun.net\/blog\/2019\/06\/dans-la-peau-dune-toute-petite-tortue\/","url_meta":{"origin":1243,"position":0},"title":"Dans la peau d&rsquo;une toute petite tortue","author":"Annie","date":"4 juin 2019","format":false,"excerpt":"Dans le cadre d'un projet effectu\u00e9 pour l'obtention de mon certificat en m\u00e9diation scientifique, j'ai eu l'occasion de m\u00ealer mes deux passions : la biologie et les histoires. J'ai \u00e9crit quelques textes, dont celui-ci, sur les premiers instants d'une tortue marine, le voici : Nous sommes sur une \u00eele de\u2026","rel":"","context":"Dans &quot;C\u00f4t\u00e9 Fiction&quot;","block_context":{"text":"C\u00f4t\u00e9 Fiction","link":"https:\/\/annierun.net\/blog\/category\/fiction\/"},"img":{"alt_text":"tortue marine nageant","src":"https:\/\/i0.wp.com\/annierun.net\/blog\/wp-content\/uploads\/2019\/06\/tortueKelonia.jpg?fit=1200%2C900&ssl=1&resize=350%2C200","width":350,"height":200,"srcset":"https:\/\/i0.wp.com\/annierun.net\/blog\/wp-content\/uploads\/2019\/06\/tortueKelonia.jpg?fit=1200%2C900&ssl=1&resize=350%2C200 1x, https:\/\/i0.wp.com\/annierun.net\/blog\/wp-content\/uploads\/2019\/06\/tortueKelonia.jpg?fit=1200%2C900&ssl=1&resize=525%2C300 1.5x, https:\/\/i0.wp.com\/annierun.net\/blog\/wp-content\/uploads\/2019\/06\/tortueKelonia.jpg?fit=1200%2C900&ssl=1&resize=700%2C400 2x, https:\/\/i0.wp.com\/annierun.net\/blog\/wp-content\/uploads\/2019\/06\/tortueKelonia.jpg?fit=1200%2C900&ssl=1&resize=1050%2C600 3x"},"classes":[]},{"id":117,"url":"https:\/\/annierun.net\/blog\/2014\/04\/chapitre-5-lentrainement\/","url_meta":{"origin":1243,"position":1},"title":"Chapitre 5 &#8211; L&rsquo;entra\u00eenement","author":"Annie","date":"29 avril 2014","format":false,"excerpt":"- T\u2019avais pr\u00e9vu de m\u2019en parler ? -\u00a0 \u00c9coute Nicolas, je voulais attendre que tu sois revenu de voyage. Qu\u2019on puisse se voir, en discuter de vive voix. J\u2019ai d\u00e9j\u00e0 eu une conversation t\u00e9l\u00e9phonique d\u00e9sagr\u00e9able avec maman \u00a0\u00e0 ce sujet. J\u2019ai pas besoin que t\u2019en rajoutes une couche ! -\u2026","rel":"","context":"Dans &quot;I - Quand on y pense&quot;","block_context":{"text":"I - Quand on y pense","link":"https:\/\/annierun.net\/blog\/category\/fiction\/pense\/"},"img":{"alt_text":"","src":"https:\/\/i0.wp.com\/annierun.net\/blog\/wp-content\/uploads\/2015\/06\/building.jpg?fit=340%2C240&ssl=1&resize=350%2C200","width":350,"height":200},"classes":[]},{"id":192,"url":"https:\/\/annierun.net\/blog\/2014\/05\/chapitre-9-le-passage\/","url_meta":{"origin":1243,"position":2},"title":"Chapitre 9 &#8211; Le passage","author":"Annie","date":"27 mai 2014","format":false,"excerpt":"Ce matin, c\u2019\u00e9tait mon troisi\u00e8me voyage. Les deux Martin m\u2019ont accueillie comme d\u2019habitude. Je suis all\u00e9e \u00e0 l\u2019unit\u00e9 de voyage, me suis allong\u00e9e dans la nacelle et j\u2019ai attendu le gaz. Je me suis retrouv\u00e9e dans un monde sous une lumi\u00e8re bleue. Comme si le jour n\u2019arrivait pas \u00e0 se\u2026","rel":"","context":"Dans &quot;I - Quand on y pense&quot;","block_context":{"text":"I - Quand on y pense","link":"https:\/\/annierun.net\/blog\/category\/fiction\/pense\/"},"img":{"alt_text":"","src":"https:\/\/i0.wp.com\/annierun.net\/blog\/wp-content\/uploads\/2015\/06\/vitesse_lumiere.jpg?fit=340%2C240&ssl=1&resize=350%2C200","width":350,"height":200},"classes":[]},{"id":272,"url":"https:\/\/annierun.net\/blog\/2014\/07\/chapitre-15-retour-sur-terre\/","url_meta":{"origin":1243,"position":3},"title":"Chapitre 15 &#8211; Retour sur Terre","author":"Annie","date":"13 juillet 2014","format":false,"excerpt":"Le lendemain matin, je suis r\u00e9veill\u00e9e de bonne heure et je descends de ma chambre avec mes derniers dessins. J\u2019indique celui qui est \u00e0 donner \u00e0 l\u2019\u00e9cole. J\u2019offre ceux qui restent, dont mon auto-portrait \u00e0 mes h\u00f4tes qui sont ravis. Juste avant mon d\u00e9part, Fleur Parfum\u00e9e de la Plaine d\u2019Isadora\u2026","rel":"","context":"Dans &quot;I - Quand on y pense&quot;","block_context":{"text":"I - Quand on y pense","link":"https:\/\/annierun.net\/blog\/category\/fiction\/pense\/"},"img":{"alt_text":"","src":"https:\/\/i0.wp.com\/annierun.net\/blog\/wp-content\/uploads\/2015\/06\/levee_soleil.jpg?fit=340%2C240&ssl=1&resize=350%2C200","width":350,"height":200},"classes":[]},{"id":135,"url":"https:\/\/annierun.net\/blog\/2014\/05\/chapitre-6-premier-voyage\/","url_meta":{"origin":1243,"position":4},"title":"Chapitre 6 &#8211; Premier voyage","author":"Annie","date":"6 mai 2014","format":false,"excerpt":"- Les deux seigneurs ? Mais pourquoi ils nous appellent comme \u00e7a ? - Ben t\u2019as qu\u2019\u00e0 leur demander, hein ! - Oh c\u2019est malin ! - Penserais tu comme moi qu\u2019il serait mal venu de demander des explications sur quelque chose qu\u2019on n\u2019est pas cens\u00e9 savoir ? - Oui,\u2026","rel":"","context":"Dans &quot;I - Quand on y pense&quot;","block_context":{"text":"I - Quand on y pense","link":"https:\/\/annierun.net\/blog\/category\/fiction\/pense\/"},"img":{"alt_text":"","src":"https:\/\/i0.wp.com\/annierun.net\/blog\/wp-content\/uploads\/2015\/06\/espace_couleur.jpg?fit=340%2C240&ssl=1&resize=350%2C200","width":350,"height":200},"classes":[]},{"id":214,"url":"https:\/\/annierun.net\/blog\/2014\/06\/chapitre-11-sur-terre\/","url_meta":{"origin":1243,"position":5},"title":"Chapitre 11 &#8211; Sur Terre","author":"Annie","date":"9 juin 2014","format":false,"excerpt":"P. Martin : \u00a0La voil\u00e0 de retour. Proc\u00e9dure de retrait des gaz. S. Martin : Proc\u00e9dure de retrait des gaz enclench\u00e9e. P. Martin : Allons en salle de d\u00e9briefing. Je suis vraiment curieux de voir ce qu\u2019elle a \u00e0 nous raconter cette fois-ci\u2026Par ici Mademoiselle Martin, o\u00f9 allez vous donc\u2026","rel":"","context":"Dans &quot;I - Quand on y pense&quot;","block_context":{"text":"I - Quand on y pense","link":"https:\/\/annierun.net\/blog\/category\/fiction\/pense\/"},"img":{"alt_text":"","src":"https:\/\/i0.wp.com\/annierun.net\/blog\/wp-content\/uploads\/2015\/06\/champagne_fireworks.jpg?fit=340%2C240&ssl=1&resize=350%2C200","width":350,"height":200},"classes":[]}],"jetpack_likes_enabled":true,"_links":{"self":[{"href":"https:\/\/annierun.net\/blog\/wp-json\/wp\/v2\/posts\/1243","targetHints":{"allow":["GET"]}}],"collection":[{"href":"https:\/\/annierun.net\/blog\/wp-json\/wp\/v2\/posts"}],"about":[{"href":"https:\/\/annierun.net\/blog\/wp-json\/wp\/v2\/types\/post"}],"author":[{"embeddable":true,"href":"https:\/\/annierun.net\/blog\/wp-json\/wp\/v2\/users\/1"}],"replies":[{"embeddable":true,"href":"https:\/\/annierun.net\/blog\/wp-json\/wp\/v2\/comments?post=1243"}],"version-history":[{"count":5,"href":"https:\/\/annierun.net\/blog\/wp-json\/wp\/v2\/posts\/1243\/revisions"}],"predecessor-version":[{"id":1522,"href":"https:\/\/annierun.net\/blog\/wp-json\/wp\/v2\/posts\/1243\/revisions\/1522"}],"wp:featuredmedia":[{"embeddable":true,"href":"https:\/\/annierun.net\/blog\/wp-json\/wp\/v2\/media\/1244"}],"wp:attachment":[{"href":"https:\/\/annierun.net\/blog\/wp-json\/wp\/v2\/media?parent=1243"}],"wp:term":[{"taxonomy":"category","embeddable":true,"href":"https:\/\/annierun.net\/blog\/wp-json\/wp\/v2\/categories?post=1243"},{"taxonomy":"post_tag","embeddable":true,"href":"https:\/\/annierun.net\/blog\/wp-json\/wp\/v2\/tags?post=1243"}],"curies":[{"name":"wp","href":"https:\/\/api.w.org\/{rel}","templated":true}]}}