{"id":1307,"date":"2019-08-26T18:52:31","date_gmt":"2019-08-26T14:52:31","guid":{"rendered":"https:\/\/annierun.net\/blog\/?p=1307"},"modified":"2019-08-26T18:55:09","modified_gmt":"2019-08-26T14:55:09","slug":"au-service-surnaturel-de-sa-majeste","status":"publish","type":"post","link":"https:\/\/annierun.net\/blog\/2019\/08\/au-service-surnaturel-de-sa-majeste\/","title":{"rendered":"Au service surnaturel de Sa Majest\u00e9"},"content":{"rendered":"\n<p>Deuxi\u00e8me de la s\u00e9rie de la fiction des autres, ce livre est centr\u00e9 sur les superpouvoirs, dans une ambiance fort britannique, bien qu&rsquo;\u00e9crit par un australien. <br><\/p>\n\n\n<div class=\"vlp-link-container vlp-template-default \">\n\t<a href=\"https:\/\/blogs.mediapart.fr\/edition\/la-critique-au-fil-des-lectures\/article\/180819\/au-service-surnaturel-de-sa-majeste\" class=\"vlp-link\" title=\"Au service surnaturel de Sa Majest\u00e9\" rel=\"nofollow\" target=\"_blank\"><\/a>\t\t<div class=\"vlp-link-image-container\">\n\t\t<div class=\"vlp-link-image\">\n\t\t\t<img data-recalc-dims=\"1\" loading=\"lazy\" decoding=\"async\" style=\"max-width: 661px;\" width=\"640\" height=\"1048\" src=\"https:\/\/i0.wp.com\/annierun.net\/blog\/wp-content\/uploads\/2019\/08\/au-service-surnaturel-de-sa-majeste.jpg?resize=640%2C1048&#038;ssl=1\" class=\"attachment- size-\" alt=\"\" srcset=\"https:\/\/i0.wp.com\/annierun.net\/blog\/wp-content\/uploads\/2019\/08\/au-service-surnaturel-de-sa-majeste.jpg?w=661&amp;ssl=1 661w, https:\/\/i0.wp.com\/annierun.net\/blog\/wp-content\/uploads\/2019\/08\/au-service-surnaturel-de-sa-majeste.jpg?resize=183%2C300&amp;ssl=1 183w, https:\/\/i0.wp.com\/annierun.net\/blog\/wp-content\/uploads\/2019\/08\/au-service-surnaturel-de-sa-majeste.jpg?resize=626%2C1024&amp;ssl=1 626w\" sizes=\"auto, (max-width: 640px) 100vw, 640px\" data-attachment-id=\"1308\" data-permalink=\"https:\/\/annierun.net\/blog\/au-service-surnaturel-de-sa-majeste\/\" data-orig-file=\"https:\/\/i0.wp.com\/annierun.net\/blog\/wp-content\/uploads\/2019\/08\/au-service-surnaturel-de-sa-majeste.jpg?fit=661%2C1082&amp;ssl=1\" data-orig-size=\"661,1082\" data-comments-opened=\"1\" data-image-meta=\"{&quot;aperture&quot;:&quot;0&quot;,&quot;credit&quot;:&quot;&quot;,&quot;camera&quot;:&quot;&quot;,&quot;caption&quot;:&quot;&quot;,&quot;created_timestamp&quot;:&quot;0&quot;,&quot;copyright&quot;:&quot;&quot;,&quot;focal_length&quot;:&quot;0&quot;,&quot;iso&quot;:&quot;0&quot;,&quot;shutter_speed&quot;:&quot;0&quot;,&quot;title&quot;:&quot;&quot;,&quot;orientation&quot;:&quot;0&quot;}\" data-image-title=\"au-service-surnaturel-de-sa-majeste\" data-image-description=\"\" data-image-caption=\"\" data-large-file=\"https:\/\/i0.wp.com\/annierun.net\/blog\/wp-content\/uploads\/2019\/08\/au-service-surnaturel-de-sa-majeste.jpg?fit=626%2C1024&amp;ssl=1\" \/>\t\t<\/div>\n\t<\/div>\n\t\t<div class=\"vlp-link-text-container\">\n\t\t\t\t<div class=\"vlp-link-title\">\n\t\t\tAu service surnaturel de Sa Majest\u00e9\t\t<\/div>\n\t\t\t\t\t\t<div class=\"vlp-link-summary\">\n\t\t\test un livre \u00e0 part. Il m\u00eale un certain nombre de genres, le premier \u00e9tant le fantastique, mais on y enqu\u00eate \u00e0 la fa\u00e7on d&rsquo;un thriller, non sans humour, et on y voyage gr\u00e2ce \u00e0 des lettres qui tracent la chronique d&rsquo;une vie. <br \/>\nDe l&rsquo;auteur Australien Daniel O&rsquo;Malley\t\t<\/div>\n\t\t\t<\/div>\n<\/div>\n","protected":false},"excerpt":{"rendered":"<p>Nous sommes en compagnie d&rsquo;une amn\u00e9sique, dans un monde o\u00f9 le surnaturel se collectionne dans une officine &#8211; la Checquy &#8211; cultivant, comme toute officine, le secret, et dirig\u00e9e par une Cour dont la hi\u00e9rarchie se d\u00e9cline par le nom des pi\u00e8ces d&rsquo;\u00e9chec <a href=\"https:\/\/annierun.net\/blog\/2019\/08\/au-service-surnaturel-de-sa-majeste\/\" class=\"more-link\">Continuer la lecture <span class=\"meta-nav\">&rarr;<\/span><\/a><\/p>\n","protected":false},"author":1,"featured_media":1308,"comment_status":"open","ping_status":"closed","sticky":false,"template":"","format":"standard","meta":{"jetpack_post_was_ever_published":false,"_jetpack_newsletter_access":"","_jetpack_dont_email_post_to_subs":false,"_jetpack_newsletter_tier_id":0,"_jetpack_memberships_contains_paywalled_content":false,"_jetpack_memberships_contains_paid_content":false,"footnotes":""},"categories":[64],"tags":[],"class_list":["post-1307","post","type-post","status-publish","format-standard","has-post-thumbnail","hentry","category-fictionsdesautres"],"jetpack_featured_media_url":"https:\/\/i0.wp.com\/annierun.net\/blog\/wp-content\/uploads\/2019\/08\/au-service-surnaturel-de-sa-majeste.jpg?fit=661%2C1082&ssl=1","jetpack_sharing_enabled":true,"jetpack_shortlink":"https:\/\/wp.me\/p4u88f-l5","jetpack-related-posts":[{"id":272,"url":"https:\/\/annierun.net\/blog\/2014\/07\/chapitre-15-retour-sur-terre\/","url_meta":{"origin":1307,"position":0},"title":"Chapitre 15 &#8211; Retour sur Terre","author":"Annie","date":"13 juillet 2014","format":false,"excerpt":"Le lendemain matin, je suis r\u00e9veill\u00e9e de bonne heure et je descends de ma chambre avec mes derniers dessins. J\u2019indique celui qui est \u00e0 donner \u00e0 l\u2019\u00e9cole. J\u2019offre ceux qui restent, dont mon auto-portrait \u00e0 mes h\u00f4tes qui sont ravis. Juste avant mon d\u00e9part, Fleur Parfum\u00e9e de la Plaine d\u2019Isadora\u2026","rel":"","context":"Dans &quot;I - Quand on y pense&quot;","block_context":{"text":"I - Quand on y pense","link":"https:\/\/annierun.net\/blog\/category\/fiction\/pense\/"},"img":{"alt_text":"","src":"https:\/\/i0.wp.com\/annierun.net\/blog\/wp-content\/uploads\/2015\/06\/levee_soleil.jpg?fit=340%2C240&ssl=1&resize=350%2C200","width":350,"height":200},"classes":[]},{"id":222,"url":"https:\/\/annierun.net\/blog\/2014\/06\/chapitre-12-sur-dalygaran-premiere-partie\/","url_meta":{"origin":1307,"position":1},"title":"Chapitre 12 &#8211; Sur Dalygaran &#8211; Premi\u00e8re partie","author":"Annie","date":"17 juin 2014","format":false,"excerpt":"Depuis que je suis arriv\u00e9e sur Dalygaran, mes journ\u00e9es ont \u00e9t\u00e9 bien remplies. Mes matins sont consacr\u00e9s \u00e0 l\u2019exercice physique, sous la direction du Commandant. Mon corps est un nouveau mod\u00e8le dont les capacit\u00e9s doivent \u00eatre test\u00e9es m\u2019a-t-on dit. J\u2019ai quand m\u00eame la sensation que c\u2019est plut\u00f4t moi que l\u2019on\u2026","rel":"","context":"Dans &quot;I - Quand on y pense&quot;","block_context":{"text":"I - Quand on y pense","link":"https:\/\/annierun.net\/blog\/category\/fiction\/pense\/"},"img":{"alt_text":"","src":"https:\/\/i0.wp.com\/annierun.net\/blog\/wp-content\/uploads\/2015\/06\/pendule.jpg?fit=340%2C240&ssl=1&resize=350%2C200","width":350,"height":200},"classes":[]},{"id":87,"url":"https:\/\/annierun.net\/blog\/2014\/04\/chapitre-2-un-coup-de-fil-de-maman\/","url_meta":{"origin":1307,"position":2},"title":"Chapitre 2 &#8211; Un coup de fil de maman","author":"Annie","date":"8 avril 2014","format":false,"excerpt":"Je suis r\u00e9veill\u00e9e par une sonnerie. Mon portable. Sur l\u2019\u00e9cran est \u00e9crit \u201cMaman\u201d. Oh non. Qu\u2019est-ce que je ne vais pas encore entendre ! N\u2019ai pas appel\u00e9 depuis longtemps. Alors en premier, je vais avoir les r\u00e9criminations : \u201cPourquoi c\u2019est moi qui dois appeler pour avoir de tes nouvelles ?\u2026","rel":"","context":"Dans &quot;I - Quand on y pense&quot;","block_context":{"text":"I - Quand on y pense","link":"https:\/\/annierun.net\/blog\/category\/fiction\/pense\/"},"img":{"alt_text":"","src":"https:\/\/i0.wp.com\/annierun.net\/blog\/wp-content\/uploads\/2015\/06\/telephone.jpg?fit=340%2C240&ssl=1&resize=350%2C200","width":350,"height":200},"classes":[]},{"id":135,"url":"https:\/\/annierun.net\/blog\/2014\/05\/chapitre-6-premier-voyage\/","url_meta":{"origin":1307,"position":3},"title":"Chapitre 6 &#8211; Premier voyage","author":"Annie","date":"6 mai 2014","format":false,"excerpt":"- Les deux seigneurs ? Mais pourquoi ils nous appellent comme \u00e7a ? - Ben t\u2019as qu\u2019\u00e0 leur demander, hein ! - Oh c\u2019est malin ! - Penserais tu comme moi qu\u2019il serait mal venu de demander des explications sur quelque chose qu\u2019on n\u2019est pas cens\u00e9 savoir ? - Oui,\u2026","rel":"","context":"Dans &quot;I - Quand on y pense&quot;","block_context":{"text":"I - Quand on y pense","link":"https:\/\/annierun.net\/blog\/category\/fiction\/pense\/"},"img":{"alt_text":"","src":"https:\/\/i0.wp.com\/annierun.net\/blog\/wp-content\/uploads\/2015\/06\/espace_couleur.jpg?fit=340%2C240&ssl=1&resize=350%2C200","width":350,"height":200},"classes":[]},{"id":1243,"url":"https:\/\/annierun.net\/blog\/2019\/01\/voir-avec-ses-oreilles\/","url_meta":{"origin":1307,"position":4},"title":"Voir avec ses oreilles","author":"Annie","date":"4 janvier 2019","format":false,"excerpt":"La curiosit\u00e9 n\u2019est pas un vilain d\u00e9faut Tout est parti d\u2019une s\u00e9rie audio \u00e0 laquelle j\u2019ai particip\u00e9 en tant qu\u2019auteure. On veut toujours savoir ce qu\u2019en pensent ceux qui \u00e9coutent, et un ami m\u2019a r\u00e9pondu : \u201cau d\u00e9part j\u2019ai \u00e9t\u00e9 g\u00ean\u00e9, je n\u2019arrivais pas \u00e0 voir avec les oreilles\u201d. Cette\u2026","rel":"","context":"Dans &quot;C\u00f4t\u00e9 Science&quot;","block_context":{"text":"C\u00f4t\u00e9 Science","link":"https:\/\/annierun.net\/blog\/category\/science\/"},"img":{"alt_text":"","src":"https:\/\/i0.wp.com\/annierun.net\/blog\/wp-content\/uploads\/2019\/01\/audio-340.jpg?fit=1200%2C848&ssl=1&resize=350%2C200","width":350,"height":200,"srcset":"https:\/\/i0.wp.com\/annierun.net\/blog\/wp-content\/uploads\/2019\/01\/audio-340.jpg?fit=1200%2C848&ssl=1&resize=350%2C200 1x, https:\/\/i0.wp.com\/annierun.net\/blog\/wp-content\/uploads\/2019\/01\/audio-340.jpg?fit=1200%2C848&ssl=1&resize=525%2C300 1.5x, https:\/\/i0.wp.com\/annierun.net\/blog\/wp-content\/uploads\/2019\/01\/audio-340.jpg?fit=1200%2C848&ssl=1&resize=700%2C400 2x, https:\/\/i0.wp.com\/annierun.net\/blog\/wp-content\/uploads\/2019\/01\/audio-340.jpg?fit=1200%2C848&ssl=1&resize=1050%2C600 3x"},"classes":[]},{"id":192,"url":"https:\/\/annierun.net\/blog\/2014\/05\/chapitre-9-le-passage\/","url_meta":{"origin":1307,"position":5},"title":"Chapitre 9 &#8211; Le passage","author":"Annie","date":"27 mai 2014","format":false,"excerpt":"Ce matin, c\u2019\u00e9tait mon troisi\u00e8me voyage. Les deux Martin m\u2019ont accueillie comme d\u2019habitude. Je suis all\u00e9e \u00e0 l\u2019unit\u00e9 de voyage, me suis allong\u00e9e dans la nacelle et j\u2019ai attendu le gaz. Je me suis retrouv\u00e9e dans un monde sous une lumi\u00e8re bleue. Comme si le jour n\u2019arrivait pas \u00e0 se\u2026","rel":"","context":"Dans &quot;I - Quand on y pense&quot;","block_context":{"text":"I - Quand on y pense","link":"https:\/\/annierun.net\/blog\/category\/fiction\/pense\/"},"img":{"alt_text":"","src":"https:\/\/i0.wp.com\/annierun.net\/blog\/wp-content\/uploads\/2015\/06\/vitesse_lumiere.jpg?fit=340%2C240&ssl=1&resize=350%2C200","width":350,"height":200},"classes":[]}],"jetpack_likes_enabled":true,"_links":{"self":[{"href":"https:\/\/annierun.net\/blog\/wp-json\/wp\/v2\/posts\/1307","targetHints":{"allow":["GET"]}}],"collection":[{"href":"https:\/\/annierun.net\/blog\/wp-json\/wp\/v2\/posts"}],"about":[{"href":"https:\/\/annierun.net\/blog\/wp-json\/wp\/v2\/types\/post"}],"author":[{"embeddable":true,"href":"https:\/\/annierun.net\/blog\/wp-json\/wp\/v2\/users\/1"}],"replies":[{"embeddable":true,"href":"https:\/\/annierun.net\/blog\/wp-json\/wp\/v2\/comments?post=1307"}],"version-history":[{"count":5,"href":"https:\/\/annierun.net\/blog\/wp-json\/wp\/v2\/posts\/1307\/revisions"}],"predecessor-version":[{"id":1318,"href":"https:\/\/annierun.net\/blog\/wp-json\/wp\/v2\/posts\/1307\/revisions\/1318"}],"wp:featuredmedia":[{"embeddable":true,"href":"https:\/\/annierun.net\/blog\/wp-json\/wp\/v2\/media\/1308"}],"wp:attachment":[{"href":"https:\/\/annierun.net\/blog\/wp-json\/wp\/v2\/media?parent=1307"}],"wp:term":[{"taxonomy":"category","embeddable":true,"href":"https:\/\/annierun.net\/blog\/wp-json\/wp\/v2\/categories?post=1307"},{"taxonomy":"post_tag","embeddable":true,"href":"https:\/\/annierun.net\/blog\/wp-json\/wp\/v2\/tags?post=1307"}],"curies":[{"name":"wp","href":"https:\/\/api.w.org\/{rel}","templated":true}]}}